{"id":7937,"date":"2023-10-16T11:46:19","date_gmt":"2023-10-16T09:46:19","guid":{"rendered":"https:\/\/www.co2news.sk\/?p=7937"},"modified":"2023-10-16T11:46:19","modified_gmt":"2023-10-16T09:46:19","slug":"climate-change-is-not-just-about-emissions-we-are-ignoring-a-large-part-of-the-fight","status":"publish","type":"post","link":"https:\/\/www.co2news.sk\/en\/2023\/10\/16\/climate-change-is-not-just-about-emissions-we-are-ignoring-a-large-part-of-the-fight\/","title":{"rendered":"Climate change isn&#039;t just about emissions. We&#039;re ignoring a big part of the fight"},"content":{"rendered":"<p><span>Last month we heard again about the need to limit global warming to around 1.5 degrees Celsius above pre-industrial levels. International\u00a0<\/span><span>energy agency<\/span><span>\u00a0outlined a plan to meet this goal and\u00a0<\/span><span>Secretary-General of the United Nations<\/span><span> He called on states to think seriously about reducing emissions to make it a reality.\u00a0<\/span><span>That goal is a fantasy. This summer, global warming has already brought average monthly\u00a0 <\/span><span>temperatures that exceeded<\/span><span>\u00a0pre-industrial average\u00a0<\/span><span>by 1.5 degrees<\/span><span>\u00a0It took more than a century for global annual average temperatures to reach their first\u00a0<\/span><span>degree<\/span><span>\u00a0, which happened around 2015. Climate data suggests that the next half-degree is likely to occur early\u00a0<\/span><span>1930s, if not earlier,<\/span><span>\u00a0and that\u00a0<\/span><span>2023 will be the warmest year<\/span><span> in history. (<em><span class=\"byline-prefix\">DAVID\u00a0<\/span><\/em><span class=\"link\"><em>G. VICTOR AND VEERABHADRAN RAMANATHAN<\/em>)<\/span><\/span><\/p>","protected":false},"excerpt":{"rendered":"<p>Minul\u00fd mesiac sme op\u00e4\u0165 po\u010duli o potrebe zastavi\u0165 glob\u00e1lne otep\u013eovanie o pribli\u017ene 1,5 stup\u0148a Celzia nad predindustri\u00e1lnymi \u00farov\u0148ami.\u00a0Medzin\u00e1rodn\u00e1\u00a0energetick\u00e1 agent\u00fara\u00a0na\u010drtla pl\u00e1n na splnenie tohto cie\u013ea a\u00a0gener\u00e1lny tajomn\u00edk Organiz\u00e1cie Spojen\u00fdch n\u00e1rodov vyzval \u0161t\u00e1ty, aby v\u00e1\u017ene mysleli na zni\u017eovanie emisi\u00ed, aby sa to stalo realitou.\u00a0Ten cie\u013e je fant\u00e1zia.\u00a0Toto leto u\u017e glob\u00e1lne otep\u013eovanie prinieslo priemern\u00e9 mesa\u010dn\u00e9\u00a0 teploty,\u00a0 ktor\u00e9 prekro\u010dili\u00a0predindustri\u00e1lny [&hellip;]<\/p>","protected":false},"author":7,"featured_media":0,"comment_status":"open","ping_status":"open","sticky":false,"template":"","format":"standard","meta":{"_acf_changed":false,"footnotes":""},"categories":[4],"tags":[],"class_list":["post-7937","post","type-post","status-publish","format-standard","hentry","category-klimaticka-zmena"],"acf":[],"_links":{"self":[{"href":"https:\/\/www.co2news.sk\/en\/wp-json\/wp\/v2\/posts\/7937","targetHints":{"allow":["GET"]}}],"collection":[{"href":"https:\/\/www.co2news.sk\/en\/wp-json\/wp\/v2\/posts"}],"about":[{"href":"https:\/\/www.co2news.sk\/en\/wp-json\/wp\/v2\/types\/post"}],"author":[{"embeddable":true,"href":"https:\/\/www.co2news.sk\/en\/wp-json\/wp\/v2\/users\/7"}],"replies":[{"embeddable":true,"href":"https:\/\/www.co2news.sk\/en\/wp-json\/wp\/v2\/comments?post=7937"}],"version-history":[{"count":0,"href":"https:\/\/www.co2news.sk\/en\/wp-json\/wp\/v2\/posts\/7937\/revisions"}],"wp:attachment":[{"href":"https:\/\/www.co2news.sk\/en\/wp-json\/wp\/v2\/media?parent=7937"}],"wp:term":[{"taxonomy":"category","embeddable":true,"href":"https:\/\/www.co2news.sk\/en\/wp-json\/wp\/v2\/categories?post=7937"},{"taxonomy":"post_tag","embeddable":true,"href":"https:\/\/www.co2news.sk\/en\/wp-json\/wp\/v2\/tags?post=7937"}],"curies":[{"name":"wp","href":"https:\/\/api.w.org\/{rel}","templated":true}]}}