{"id":7906,"date":"2023-10-15T09:24:14","date_gmt":"2023-10-15T07:24:14","guid":{"rendered":"https:\/\/www.co2news.sk\/?p=7906"},"modified":"2023-10-15T09:24:14","modified_gmt":"2023-10-15T07:24:14","slug":"global-warming-will-bring-a-very-difficult-period-warns-francois","status":"publish","type":"post","link":"https:\/\/www.co2news.sk\/en\/2023\/10\/15\/global-warming-will-bring-a-very-difficult-period-warns-francois\/","title":{"rendered":"Global warming, &quot;a very difficult period is coming&quot;, warns Fran\u00e7ois"},"content":{"rendered":"<p>The 6th Laudato Si&#039; Community Forum is taking place in Verona, Italy, on October 14 and 15. About ten days after the publication of Laudato Deum, Pope Francis shared a video message to the 70 Laudato Si&#039; communities from Italy and Europe participating in the forum. <span>In response to questions from the Bishop of Verona, Mgr. Domenico Pompili, Pope Francis returned to the need to publish an update of Laudato si&#039;. &quot;\u2018\u00a0<\/span>There have been so many COPs (United Nations conferences on the fight against climate change, editor&#039;s note),&quot; says Fran\u00e7ois, &quot;and they haven&#039;t provided exactly what we needed. And then there are new things to solve.&quot; A &quot;very difficult&quot; period is coming, the Supreme Pontiff also said: &quot;We have to be aware of this. One of the greatest Italian scientists, the president of the association, told me: &quot;I don&#039;t want my granddaughter, who was born the day before yesterday, to live in a world in 30 years that is not livable.&quot; And that&#039;s how things happen. You have to be aware.&quot;<em>POPE<\/em>)<\/p>","protected":false},"excerpt":{"rendered":"<p>6. f\u00f3rum komunity Laudato si&#8216; sa kon\u00e1 v meste Verona v Taliansku 14. a 15. okt\u00f3bra.\u00a0Asi desa\u0165 dn\u00ed po zverejnen\u00ed Laudato Deum p\u00e1pe\u017e Franti\u0161ek zdie\u013eal video odkaz 70 komunit\u00e1m Laudato si&#8216; z Talianska a Eur\u00f3py, ktor\u00e9 sa z\u00fa\u010dast\u0148uj\u00fa na tomto f\u00f3re. V odpovedi na ot\u00e1zky veronsk\u00e9ho biskupa Mgr. Domenica Pompiliho sa p\u00e1pe\u017e Franti\u0161ek vr\u00e1til k [&hellip;]<\/p>","protected":false},"author":7,"featured_media":0,"comment_status":"open","ping_status":"open","sticky":false,"template":"","format":"standard","meta":{"_acf_changed":false,"footnotes":""},"categories":[4],"tags":[],"class_list":["post-7906","post","type-post","status-publish","format-standard","hentry","category-klimaticka-zmena"],"acf":[],"_links":{"self":[{"href":"https:\/\/www.co2news.sk\/en\/wp-json\/wp\/v2\/posts\/7906","targetHints":{"allow":["GET"]}}],"collection":[{"href":"https:\/\/www.co2news.sk\/en\/wp-json\/wp\/v2\/posts"}],"about":[{"href":"https:\/\/www.co2news.sk\/en\/wp-json\/wp\/v2\/types\/post"}],"author":[{"embeddable":true,"href":"https:\/\/www.co2news.sk\/en\/wp-json\/wp\/v2\/users\/7"}],"replies":[{"embeddable":true,"href":"https:\/\/www.co2news.sk\/en\/wp-json\/wp\/v2\/comments?post=7906"}],"version-history":[{"count":0,"href":"https:\/\/www.co2news.sk\/en\/wp-json\/wp\/v2\/posts\/7906\/revisions"}],"wp:attachment":[{"href":"https:\/\/www.co2news.sk\/en\/wp-json\/wp\/v2\/media?parent=7906"}],"wp:term":[{"taxonomy":"category","embeddable":true,"href":"https:\/\/www.co2news.sk\/en\/wp-json\/wp\/v2\/categories?post=7906"},{"taxonomy":"post_tag","embeddable":true,"href":"https:\/\/www.co2news.sk\/en\/wp-json\/wp\/v2\/tags?post=7906"}],"curies":[{"name":"wp","href":"https:\/\/api.w.org\/{rel}","templated":true}]}}