{"id":7900,"date":"2023-10-15T08:52:40","date_gmt":"2023-10-15T06:52:40","guid":{"rendered":"https:\/\/www.co2news.sk\/?p=7900"},"modified":"2023-10-15T08:52:40","modified_gmt":"2023-10-15T06:52:40","slug":"to-save-the-planet-we-must-start-from-the-global-south","status":"publish","type":"post","link":"https:\/\/www.co2news.sk\/en\/2023\/10\/15\/to-save-the-planet-we-must-start-from-the-global-south\/","title":{"rendered":"To save the planet, we must start from the global south"},"content":{"rendered":"<p>Delegates from the countries most affected by climate change and resource exploitation have come to Italy for the first World Congress for Climate Justice with new perspectives on saving the Earth. <a class=\"c-hero__author-img-link o-image-circle\">Imagine you are in your favorite forest or park and at some point it is leveled because there may be oil underneath. You think you have inherited land from your family that has belonged to them for generations and someone is telling you that it is not actually yours.\u00a0 <\/a>Pedro and Rosa Marina know what they are talking about. They come from Ecuador and Mexico and have come to Italy to attend the first World Congress for Climate Justice, which is taking place in Milan from 12 to 15 October. According to the activists, more sustainable development must also be fair and respectful of all peoples, which is why the voice of delegates coming mainly from the \u201cglobal south\u201d, a concept that is not just geographical, is at the heart of the congress. \u201cWe can describe the global south as the part of the world from which the North takes everything: minerals, oil, water, even fertilizers for plants and the knowledge of indigenous communities,\u201d says Pedro Bermeo of the Ecuadorian collective YASunidos. It includes countries in Africa, South and Central America, and some Asian countries. These are the areas that are currently experiencing the most devastating effects of climate change, despite contributing the least to global emissions and resource use. These same countries often pay the price for an energy-intensive economic system that relentlessly advances, at the expense of those who have been preserving the planet&#039;s true wealth for centuries. (<em>Federica DeLillis)<\/em><\/p>","protected":false},"excerpt":{"rendered":"<p>Deleg\u00e1ti z kraj\u00edn, ktor\u00e9 s\u00fa najviac postihnut\u00e9 zmenou kl\u00edmy a vyu\u017e\u00edvan\u00edm zdrojov, pri\u0161li do Talianska na prv\u00fd Svetov\u00fd kongres pre klimatick\u00fa spravodlivos\u0165 s nov\u00fdmi perspekt\u00edvami na z\u00e1chranu Zeme. Predstavte si, \u017ee ste vo svojom ob\u013e\u00fabenom lese alebo parku a v ur\u010ditom bode je zrovnan\u00fd so zemou, preto\u017ee pod n\u00edm m\u00f4\u017ee by\u0165 olej. Mysl\u00edte si, \u017ee [&hellip;]<\/p>","protected":false},"author":7,"featured_media":0,"comment_status":"open","ping_status":"open","sticky":false,"template":"","format":"standard","meta":{"_acf_changed":false,"footnotes":""},"categories":[4],"tags":[],"class_list":["post-7900","post","type-post","status-publish","format-standard","hentry","category-klimaticka-zmena"],"acf":[],"_links":{"self":[{"href":"https:\/\/www.co2news.sk\/en\/wp-json\/wp\/v2\/posts\/7900","targetHints":{"allow":["GET"]}}],"collection":[{"href":"https:\/\/www.co2news.sk\/en\/wp-json\/wp\/v2\/posts"}],"about":[{"href":"https:\/\/www.co2news.sk\/en\/wp-json\/wp\/v2\/types\/post"}],"author":[{"embeddable":true,"href":"https:\/\/www.co2news.sk\/en\/wp-json\/wp\/v2\/users\/7"}],"replies":[{"embeddable":true,"href":"https:\/\/www.co2news.sk\/en\/wp-json\/wp\/v2\/comments?post=7900"}],"version-history":[{"count":0,"href":"https:\/\/www.co2news.sk\/en\/wp-json\/wp\/v2\/posts\/7900\/revisions"}],"wp:attachment":[{"href":"https:\/\/www.co2news.sk\/en\/wp-json\/wp\/v2\/media?parent=7900"}],"wp:term":[{"taxonomy":"category","embeddable":true,"href":"https:\/\/www.co2news.sk\/en\/wp-json\/wp\/v2\/categories?post=7900"},{"taxonomy":"post_tag","embeddable":true,"href":"https:\/\/www.co2news.sk\/en\/wp-json\/wp\/v2\/tags?post=7900"}],"curies":[{"name":"wp","href":"https:\/\/api.w.org\/{rel}","templated":true}]}}