{"id":7879,"date":"2023-10-14T10:39:04","date_gmt":"2023-10-14T08:39:04","guid":{"rendered":"https:\/\/www.co2news.sk\/?p=7879"},"modified":"2023-10-14T10:39:04","modified_gmt":"2023-10-14T08:39:04","slug":"measures-to-adapt-to-global-climate-change-are-too-uncoordinated-2","status":"publish","type":"post","link":"https:\/\/www.co2news.sk\/en\/2023\/10\/14\/measures-to-adapt-to-global-climate-change-are-too-uncoordinated-2\/","title":{"rendered":"Global climate change adaptation measures are too uncoordinated"},"content":{"rendered":"<p><span>How are governments, organizations, companies, and individuals coping with the impacts of global warming? Who are the actual actors when it comes to reducing climate risks such as droughts, floods, and forest fires? What do individual actor groups contribute? And where and how do they already cooperate systematically?\u00a0<\/span><strong><span>New study<\/span><\/strong><span>\u00a0 provides the first global analysis of actors involved in climate change adaptation and the roles they play. For the publication, an international team of scientists reviewed more than 1,400 scientific studies on the topic of climate change adaptation. The results show that there are many gaps in the distribution of roles and responsibilities for adaptation around the world. In particular, adaptation, which fundamentally transforms societies, infrastructure and risk management in response to the massive impacts of climate change, is missing. Furthermore, comprehensive cooperation between different state and non-state actors is missing. (<em>ALLIANCE OF BIOVERSITY INTERNATIONAL AND INTERNATIONAL CENTRE FOR TROPICAL AGRICULTURE)<\/em><\/span><\/p>","protected":false},"excerpt":{"rendered":"<p>Ako sa vl\u00e1dy, organiz\u00e1cie, spolo\u010dnosti a jednotlivci vyrovn\u00e1vaj\u00fa s dopadmi glob\u00e1lneho otep\u013eovania? Kto s\u00fa vlastne akt\u00e9ri, pokia\u013e ide o zni\u017eovanie klimatick\u00fdch riz\u00edk, ako s\u00fa such\u00e1, z\u00e1plavy a lesn\u00e9 po\u017eiare? \u010c\u00edm prispievaj\u00fa jednotliv\u00e9 hereck\u00e9 skupiny? A kde a ako u\u017e systematicky spolupracuj\u00fa?\u00a0Nov\u00e1 \u0161t\u00fadia\u00a0 poskytuje prv\u00fa glob\u00e1lnu anal\u00fdzu akt\u00e9rov zapojen\u00fdch do prisp\u00f4sobovania sa zmene kl\u00edmy a \u00faloh, [&hellip;]<\/p>","protected":false},"author":7,"featured_media":0,"comment_status":"open","ping_status":"open","sticky":false,"template":"","format":"standard","meta":{"_acf_changed":false,"footnotes":""},"categories":[4],"tags":[],"class_list":["post-7879","post","type-post","status-publish","format-standard","hentry","category-klimaticka-zmena"],"acf":[],"_links":{"self":[{"href":"https:\/\/www.co2news.sk\/en\/wp-json\/wp\/v2\/posts\/7879","targetHints":{"allow":["GET"]}}],"collection":[{"href":"https:\/\/www.co2news.sk\/en\/wp-json\/wp\/v2\/posts"}],"about":[{"href":"https:\/\/www.co2news.sk\/en\/wp-json\/wp\/v2\/types\/post"}],"author":[{"embeddable":true,"href":"https:\/\/www.co2news.sk\/en\/wp-json\/wp\/v2\/users\/7"}],"replies":[{"embeddable":true,"href":"https:\/\/www.co2news.sk\/en\/wp-json\/wp\/v2\/comments?post=7879"}],"version-history":[{"count":0,"href":"https:\/\/www.co2news.sk\/en\/wp-json\/wp\/v2\/posts\/7879\/revisions"}],"wp:attachment":[{"href":"https:\/\/www.co2news.sk\/en\/wp-json\/wp\/v2\/media?parent=7879"}],"wp:term":[{"taxonomy":"category","embeddable":true,"href":"https:\/\/www.co2news.sk\/en\/wp-json\/wp\/v2\/categories?post=7879"},{"taxonomy":"post_tag","embeddable":true,"href":"https:\/\/www.co2news.sk\/en\/wp-json\/wp\/v2\/tags?post=7879"}],"curies":[{"name":"wp","href":"https:\/\/api.w.org\/{rel}","templated":true}]}}