{"id":7823,"date":"2023-10-11T07:01:26","date_gmt":"2023-10-11T05:01:26","guid":{"rendered":"https:\/\/www.co2news.sk\/?p=7823"},"modified":"2023-10-11T07:01:59","modified_gmt":"2023-10-11T05:01:59","slug":"how-can-journalists-better-report-on-climate-change-and-deal-with-disinformation","status":"publish","type":"post","link":"https:\/\/www.co2news.sk\/en\/2023\/10\/11\/how-can-journalists-better-report-on-climate-change-and-deal-with-disinformation\/","title":{"rendered":"How journalists can better report on climate change, deal with misinformation"},"content":{"rendered":"<p class=\"default__StyledText-sc-2b9v84-0 cEUnhd body-paragraph\">Climate change remains one of the world\u2019s most pressing issues, even though reporting on such issues can be challenging for journalists. A study released Monday found that temperatures are rising and heat waves are \u201cmore frequent, more intense and longer lasting\u201d as a result of climate change. As climate change deniers and environmental skeptics take over both political and social space, reporters need to be smart about covering these kinds of topics. For Los Angeles Times environmental reporter Hayley Smith, one smart and compelling feature of climate change reporting is the people. \u201cTalk to the people who are affected by what you\u2019re reporting,\u201d Smith said. \u201cSo if it\u2019s a heat wave, try to get those real human stories in there, too, because I think sharing the story of an individual whose house burned down can tell the truth and help tell the larger story about climate change and the climate crisis.\u201d (<em>Nova Blanco-Rico)<\/em><\/p>","protected":false},"excerpt":{"rendered":"<p>Klimatick\u00e9 zmeny s\u00fa st\u00e1le jedn\u00fdm z najstra\u0161nej\u0161\u00edch probl\u00e9mov\u00a0 \u00a0na svete, aj ke\u010f spravodajstvo o tak\u00fdchto probl\u00e9moch m\u00f4\u017ee by\u0165 pre novin\u00e1rov n\u00e1ro\u010dn\u00e9. \u0160t\u00fadia zverejnen\u00e1 v pondelok zistila, \u017ee teploty sa zvy\u0161uj\u00fa a vlny hor\u00fa\u010dav s\u00fa v d\u00f4sledku zmeny kl\u00edmy \u201e\u010dastej\u0161ie, intenz\u00edvnej\u0161ie a dlh\u0161ie trvaj\u00face\u201c. Ke\u010f\u017ee popiera\u010di\u00a0 \u00a0klimatick\u00fdch zmien a skeptici v ot\u00e1zkach \u017eivotn\u00e9ho prostredia zaberaj\u00fa politick\u00fd [&hellip;]<\/p>","protected":false},"author":7,"featured_media":0,"comment_status":"open","ping_status":"open","sticky":false,"template":"","format":"standard","meta":{"_acf_changed":false,"footnotes":""},"categories":[4],"tags":[],"class_list":["post-7823","post","type-post","status-publish","format-standard","hentry","category-klimaticka-zmena"],"acf":[],"_links":{"self":[{"href":"https:\/\/www.co2news.sk\/en\/wp-json\/wp\/v2\/posts\/7823","targetHints":{"allow":["GET"]}}],"collection":[{"href":"https:\/\/www.co2news.sk\/en\/wp-json\/wp\/v2\/posts"}],"about":[{"href":"https:\/\/www.co2news.sk\/en\/wp-json\/wp\/v2\/types\/post"}],"author":[{"embeddable":true,"href":"https:\/\/www.co2news.sk\/en\/wp-json\/wp\/v2\/users\/7"}],"replies":[{"embeddable":true,"href":"https:\/\/www.co2news.sk\/en\/wp-json\/wp\/v2\/comments?post=7823"}],"version-history":[{"count":0,"href":"https:\/\/www.co2news.sk\/en\/wp-json\/wp\/v2\/posts\/7823\/revisions"}],"wp:attachment":[{"href":"https:\/\/www.co2news.sk\/en\/wp-json\/wp\/v2\/media?parent=7823"}],"wp:term":[{"taxonomy":"category","embeddable":true,"href":"https:\/\/www.co2news.sk\/en\/wp-json\/wp\/v2\/categories?post=7823"},{"taxonomy":"post_tag","embeddable":true,"href":"https:\/\/www.co2news.sk\/en\/wp-json\/wp\/v2\/tags?post=7823"}],"curies":[{"name":"wp","href":"https:\/\/api.w.org\/{rel}","templated":true}]}}