{"id":5904,"date":"2023-07-19T08:09:07","date_gmt":"2023-07-19T06:09:07","guid":{"rendered":"https:\/\/www.co2news.sk\/?p=5904"},"modified":"2023-07-19T08:09:07","modified_gmt":"2023-07-19T06:09:07","slug":"climate-change-and-its-solution-are-a-priority-for-the-union-of-slovak-cities-which-also-appeals-for-the-involvement-of-residents","status":"publish","type":"post","link":"https:\/\/www.co2news.sk\/en\/2023\/07\/19\/climate-change-and-its-solution-are-a-priority-for-the-union-of-slovak-cities-which-also-appeals-for-the-involvement-of-residents\/","title":{"rendered":"Climate change and its solution is a priority of the Union of Slovak Cities, it also appeals for the involvement of residents"},"content":{"rendered":"<p>Climate change and its solution from the position of local governments is one of the long-term priorities of the Union of Slovak Cities (\u00daMS). At the online meeting, the \u00daMS focused on how residents of Slovak cities perceive climate change, what influences their behavior and decision-making, or what motivates them to cooperate. The Union also organized an educational webinar for representatives of member cities\u00a0<strong>Cities for the climate in 90 minutes<\/strong>, which focused on communicating climate policies in human language, with an appeal for residents to engage in solutions in their city. The guests were experts in the fields of environmental sociology, behavioral science and strategic communication. This was reported by the spokesperson of the \u00daMS Daniela Pir\u0161elov\u00e1 in a press release. (<em>Kristina Valovi\u010dov\u00e1, SITA)<\/em><\/p>","protected":false},"excerpt":{"rendered":"<p>Climate change and its solution from the position of local governments is one of the long-term priorities of the Union of Slovak Cities (\u00daMS). At the online meeting, the \u00daMS focused on how residents of Slovak cities perceive climate change, what influences their behavior and decision-making, or what motivates them to cooperate. The Union also organized an educational webinar for representatives of member cities, Cities for [\u2026]<\/p>","protected":false},"author":7,"featured_media":0,"comment_status":"open","ping_status":"open","sticky":false,"template":"","format":"standard","meta":{"_acf_changed":false,"footnotes":""},"categories":[4],"tags":[],"class_list":["post-5904","post","type-post","status-publish","format-standard","hentry","category-klimaticka-zmena"],"acf":[],"_links":{"self":[{"href":"https:\/\/www.co2news.sk\/en\/wp-json\/wp\/v2\/posts\/5904","targetHints":{"allow":["GET"]}}],"collection":[{"href":"https:\/\/www.co2news.sk\/en\/wp-json\/wp\/v2\/posts"}],"about":[{"href":"https:\/\/www.co2news.sk\/en\/wp-json\/wp\/v2\/types\/post"}],"author":[{"embeddable":true,"href":"https:\/\/www.co2news.sk\/en\/wp-json\/wp\/v2\/users\/7"}],"replies":[{"embeddable":true,"href":"https:\/\/www.co2news.sk\/en\/wp-json\/wp\/v2\/comments?post=5904"}],"version-history":[{"count":0,"href":"https:\/\/www.co2news.sk\/en\/wp-json\/wp\/v2\/posts\/5904\/revisions"}],"wp:attachment":[{"href":"https:\/\/www.co2news.sk\/en\/wp-json\/wp\/v2\/media?parent=5904"}],"wp:term":[{"taxonomy":"category","embeddable":true,"href":"https:\/\/www.co2news.sk\/en\/wp-json\/wp\/v2\/categories?post=5904"},{"taxonomy":"post_tag","embeddable":true,"href":"https:\/\/www.co2news.sk\/en\/wp-json\/wp\/v2\/tags?post=5904"}],"curies":[{"name":"wp","href":"https:\/\/api.w.org\/{rel}","templated":true}]}}