{"id":5832,"date":"2023-07-17T17:10:18","date_gmt":"2023-07-17T15:10:18","guid":{"rendered":"https:\/\/www.co2news.sk\/?p=5832"},"modified":"2023-07-17T17:10:18","modified_gmt":"2023-07-17T15:10:18","slug":"the-division-of-the-world-will-hinder-the-fight-against-climate-change-says-the-foreign-minister","status":"publish","type":"post","link":"https:\/\/www.co2news.sk\/en\/2023\/07\/17\/the-division-of-the-world-will-hinder-the-fight-against-climate-change-says-the-foreign-minister\/","title":{"rendered":"Dividing the world will hinder the fight against climate change, says foreign minister"},"content":{"rendered":"<p>The current serious security risks are distracting attention from the main challenges facing humanity, and the renewed division of the world makes it virtually impossible to address the challenges of protecting the environment and combating climate change, Foreign Minister P\u00e9ter Szijj\u00e1rt\u00f3 said in New York on Monday. The minister, speaking after arriving at a high-level meeting of the UN Economic and Social Council, said that the world body adopted its Sustainable Development Goals in 2015 to find answers to the \u201cstaggering challenges\u201d of protecting the planet, but that they are now, unfortunately, taking on a different \u201clight.\u201d (<em>MTI-Hungary today<\/em><\/p>","protected":false},"excerpt":{"rendered":"<p>The current serious security risks are distracting attention from the main challenges facing humanity, and the renewed division of the world makes it virtually impossible to face the challenges of protecting the environment and combating climate change, said Minister of Foreign Affairs and Trade P\u00e9ter Szijj\u00e1rt\u00f3 in New York on Monday. The minister said after arriving at the high-level meeting of the UN Economic and Social Council, [\u2026]<\/p>","protected":false},"author":7,"featured_media":0,"comment_status":"open","ping_status":"open","sticky":false,"template":"","format":"standard","meta":{"_acf_changed":false,"footnotes":""},"categories":[4],"tags":[],"class_list":["post-5832","post","type-post","status-publish","format-standard","hentry","category-klimaticka-zmena"],"acf":[],"_links":{"self":[{"href":"https:\/\/www.co2news.sk\/en\/wp-json\/wp\/v2\/posts\/5832","targetHints":{"allow":["GET"]}}],"collection":[{"href":"https:\/\/www.co2news.sk\/en\/wp-json\/wp\/v2\/posts"}],"about":[{"href":"https:\/\/www.co2news.sk\/en\/wp-json\/wp\/v2\/types\/post"}],"author":[{"embeddable":true,"href":"https:\/\/www.co2news.sk\/en\/wp-json\/wp\/v2\/users\/7"}],"replies":[{"embeddable":true,"href":"https:\/\/www.co2news.sk\/en\/wp-json\/wp\/v2\/comments?post=5832"}],"version-history":[{"count":0,"href":"https:\/\/www.co2news.sk\/en\/wp-json\/wp\/v2\/posts\/5832\/revisions"}],"wp:attachment":[{"href":"https:\/\/www.co2news.sk\/en\/wp-json\/wp\/v2\/media?parent=5832"}],"wp:term":[{"taxonomy":"category","embeddable":true,"href":"https:\/\/www.co2news.sk\/en\/wp-json\/wp\/v2\/categories?post=5832"},{"taxonomy":"post_tag","embeddable":true,"href":"https:\/\/www.co2news.sk\/en\/wp-json\/wp\/v2\/tags?post=5832"}],"curies":[{"name":"wp","href":"https:\/\/api.w.org\/{rel}","templated":true}]}}