{"id":2342,"date":"2023-07-16T08:00:04","date_gmt":"2023-07-16T06:00:04","guid":{"rendered":"https:\/\/www.co2news.sk\/?p=2342"},"modified":"2023-07-16T08:45:43","modified_gmt":"2023-07-16T06:45:43","slug":"european-federation-of-agencies-and-regions-for-energy-and-the-environment-2","status":"publish","type":"post","link":"https:\/\/www.co2news.sk\/en\/2023\/07\/16\/european-federation-of-agencies-and-regions-for-energy-and-the-environment-2\/","title":{"rendered":"European Federation of Agencies and Regions for Energy and the Environment"},"content":{"rendered":"<p><img loading=\"lazy\" decoding=\"async\" class=\"\" src=\"https:\/\/fedarene.org\/wp-content\/themes\/fedarene-2021\/core\/img\/fedarene.png\" width=\"74\" height=\"23\" \/>\u00a0 FEDARENE (European Federation of Agencies and Regions for Energy and the Environment) is the collective voice of regions and regional energy agencies in the field of energy transformation. FEDARENE members drive energy transition and climate action in their territories through ambitious policy development and strategic facilitation measures. <strong>FEDARENE was founded on June 6, 1990 6\u00a0<\/strong>regional authorities: Rh\u00f4ne-Alpes, Provence-Alpes-C\u00f4te-d&#039;Azur, Wallonia, Pa\u00eds Vasco, Aquitaine and Nord-Pas-de-Calais. Local authorities, motivated by various programs of the European Commission, tried to raise the voices of the regions in the debate on energy and environmental policies at the European level.<\/p>","protected":false},"excerpt":{"rendered":"<p>\u00a0 FEDARENE (European Federation of Agencies and Regions for Energy and the Environment) is the collective voice of regions and regional energy agencies in the field of energy transition. FEDARENE members drive energy transition and climate action in their territories through ambitious policy development and strategic measures to facilitate action. FEDARENE was founded on 6 June 1990 by 6 regional authorities: [\u2026]<\/p>","protected":false},"author":7,"featured_media":0,"comment_status":"open","ping_status":"open","sticky":false,"template":"","format":"standard","meta":{"_acf_changed":false,"footnotes":""},"categories":[14,4],"tags":[],"class_list":["post-2342","post","type-post","status-publish","format-standard","hentry","category-institucie","category-klimaticka-zmena"],"acf":[],"_links":{"self":[{"href":"https:\/\/www.co2news.sk\/en\/wp-json\/wp\/v2\/posts\/2342","targetHints":{"allow":["GET"]}}],"collection":[{"href":"https:\/\/www.co2news.sk\/en\/wp-json\/wp\/v2\/posts"}],"about":[{"href":"https:\/\/www.co2news.sk\/en\/wp-json\/wp\/v2\/types\/post"}],"author":[{"embeddable":true,"href":"https:\/\/www.co2news.sk\/en\/wp-json\/wp\/v2\/users\/7"}],"replies":[{"embeddable":true,"href":"https:\/\/www.co2news.sk\/en\/wp-json\/wp\/v2\/comments?post=2342"}],"version-history":[{"count":0,"href":"https:\/\/www.co2news.sk\/en\/wp-json\/wp\/v2\/posts\/2342\/revisions"}],"wp:attachment":[{"href":"https:\/\/www.co2news.sk\/en\/wp-json\/wp\/v2\/media?parent=2342"}],"wp:term":[{"taxonomy":"category","embeddable":true,"href":"https:\/\/www.co2news.sk\/en\/wp-json\/wp\/v2\/categories?post=2342"},{"taxonomy":"post_tag","embeddable":true,"href":"https:\/\/www.co2news.sk\/en\/wp-json\/wp\/v2\/tags?post=2342"}],"curies":[{"name":"wp","href":"https:\/\/api.w.org\/{rel}","templated":true}]}}